{"id":19452,"date":"2026-08-31T16:19:42","date_gmt":"2026-08-31T20:19:42","guid":{"rendered":"https:\/\/misionjosegregoriohernandez.gob.ve\/?p=19452"},"modified":"2026-08-31T16:19:44","modified_gmt":"2026-08-31T20:19:44","slug":"fundacion-mision-jose-gregorio-hernandez-promueve-la-autonomia-integral-con-entrega-directa-de-ayudas-humanas-y-formacion-legal","status":"publish","type":"post","link":"https:\/\/misionjosegregoriohernandez.gob.ve\/?p=19452","title":{"rendered":"Fundaci\u00f3n Misi\u00f3n Jos\u00e9 Gregorio Hern\u00e1ndez promueve la autonom\u00eda integral con entrega directa de ayudas humanas y formaci\u00f3n legal."},"content":{"rendered":"\n<p>Caracas, 31 de agosto de 2026.- Con el prop\u00f3sito fundamental de continuar garantizando el buen vivir, la dignificaci\u00f3n e independencia de la poblaci\u00f3n con discapacidad, la Fundaci\u00f3n Misi\u00f3n Jos\u00e9 Gregorio Hern\u00e1ndez (FMJGH), ente adscrito al Ministerio del Poder Popular del Despacho de la Presidencia y Seguimiento de la Gesti\u00f3n de Gobierno, llev\u00f3 a cabo una significativa jornada de entrega de ayudas humanas y el desarrollo de talleres formativos desde las instalaciones del Viceministerio para la Protecci\u00f3n Social.<\/p>\n\n\n\n<p>La actividad estuvo liderada directamente por la presidenta de la instituci\u00f3n, Carolina Rojas Hern\u00e1ndez, quien realiz\u00f3 la entrega personalizada de cada una de las ayudas humanas a los beneficiarios y sus familias. Este contacto directo reafirma el compromiso de la gesti\u00f3n p\u00fablica de atender con amor, inmediatez y eficiencia las necesidades reales del pueblo, transformando realidades en cada comunidad.<\/p>\n\n\n\n<p>M\u00e1s all\u00e1 del otorgamiento de las ayudas humanas requeridas para la movilidad y el cuidado integral, la jornada cont\u00f3 con un desplegado m\u00f3dulo de sensibilizaci\u00f3n y capacitaci\u00f3n. Servidores p\u00fablicos y especialistas en el \u00e1rea dictaron ponencias dirigidas a las personas con discapacidad, cuidadores y cuidadoras, enfocadas en la autonom\u00eda f\u00edsica, el uso adecuado de las ayudas humanas y el autocuidado.<\/p>\n\n\n\n<p>Asimismo, se brind\u00f3 una s\u00f3lida formaci\u00f3n sobre el marco legal venezolano que ampara, protege y reconoce los derechos fundamentales de este sector prioritario. Durante la actividad se abordaron los aspectos clave de las leyes nacionales vigentes, orientando a los asistentes sobre las v\u00edas de exigibilidad de derechos, la inclusi\u00f3n social plena y las garant\u00edas que el Estado venezolano promueve activamente para erradicar cualquier forma de discriminaci\u00f3n.<\/p>\n\n\n\n<p>Con estas acciones integrales, la Misi\u00f3n Jos\u00e9 Gregorio Hern\u00e1ndez reafirma su rol de vanguardia dentro de las pol\u00edticas de protecci\u00f3n social promovidas por el Gobierno Bolivariano, sumando esfuerzos permanentes para aligerar la noble tarea de los cuidadores y asegurar que cada persona con discapacidad cuente con las condiciones id\u00f3neas para su libre desenvolvimiento e inclusi\u00f3n plena en la sociedad.<\/p>\n<div class=\"gsp_post_data\" data-post_type=\"post\" data-cat=\"noticias\" data-modified=\"120\" data-title=\"Fundaci\u00f3n Misi\u00f3n Jos\u00e9 Gregorio Hern\u00e1ndez promueve la autonom\u00eda integral con entrega directa de ayudas humanas y formaci\u00f3n legal.\" data-home=\"https:\/\/misionjosegregoriohernandez.gob.ve\"><\/div>","protected":false},"excerpt":{"rendered":"<p>Caracas, 31 de agosto de 2026.- Con el prop\u00f3sito fundamental de continuar garantizando el buen vivir, la dignificaci\u00f3n e independencia de la poblaci\u00f3n con discapacidad, la Fundaci\u00f3n Misi\u00f3n Jos\u00e9 Gregorio Hern\u00e1ndez (FMJGH), ente adscrito al Ministerio del Poder Popular del Despacho de la Presidencia y&#46;&#46;&#46;<\/p>\n","protected":false},"author":1,"featured_media":19453,"comment_status":"open","ping_status":"open","sticky":false,"template":"","format":"standard","meta":{"footnotes":""},"categories":[1],"tags":[],"_links":{"self":[{"href":"https:\/\/misionjosegregoriohernandez.gob.ve\/index.php?rest_route=\/wp\/v2\/posts\/19452"}],"collection":[{"href":"https:\/\/misionjosegregoriohernandez.gob.ve\/index.php?rest_route=\/wp\/v2\/posts"}],"about":[{"href":"https:\/\/misionjosegregoriohernandez.gob.ve\/index.php?rest_route=\/wp\/v2\/types\/post"}],"author":[{"embeddable":true,"href":"https:\/\/misionjosegregoriohernandez.gob.ve\/index.php?rest_route=\/wp\/v2\/users\/1"}],"replies":[{"embeddable":true,"href":"https:\/\/misionjosegregoriohernandez.gob.ve\/index.php?rest_route=%2Fwp%2Fv2%2Fcomments&post=19452"}],"version-history":[{"count":1,"href":"https:\/\/misionjosegregoriohernandez.gob.ve\/index.php?rest_route=\/wp\/v2\/posts\/19452\/revisions"}],"predecessor-version":[{"id":19454,"href":"https:\/\/misionjosegregoriohernandez.gob.ve\/index.php?rest_route=\/wp\/v2\/posts\/19452\/revisions\/19454"}],"wp:featuredmedia":[{"embeddable":true,"href":"https:\/\/misionjosegregoriohernandez.gob.ve\/index.php?rest_route=\/wp\/v2\/media\/19453"}],"wp:attachment":[{"href":"https:\/\/misionjosegregoriohernandez.gob.ve\/index.php?rest_route=%2Fwp%2Fv2%2Fmedia&parent=19452"}],"wp:term":[{"taxonomy":"category","embeddable":true,"href":"https:\/\/misionjosegregoriohernandez.gob.ve\/index.php?rest_route=%2Fwp%2Fv2%2Fcategories&post=19452"},{"taxonomy":"post_tag","embeddable":true,"href":"https:\/\/misionjosegregoriohernandez.gob.ve\/index.php?rest_route=%2Fwp%2Fv2%2Ftags&post=19452"}],"curies":[{"name":"wp","href":"https:\/\/api.w.org\/{rel}","templated":true}]}}