{"id":8930,"date":"2025-12-09T16:43:43","date_gmt":"2025-12-09T20:43:43","guid":{"rendered":"http:\/\/misionjosegregoriohernandez.gob.ve\/?p=8930"},"modified":"2026-02-05T07:05:54","modified_gmt":"2026-02-05T11:05:54","slug":"fmjgh-y-conapdis-se-suman-a-jornada-de-sensibilizacion-en-la-dem-miranda","status":"publish","type":"post","link":"http:\/\/misionjosegregoriohernandez.gob.ve\/?p=8930","title":{"rendered":"FMJGH y CONAPDIS apoyan la Jornada de Sensibilizaci\u00f3n organizada por la DEM &#8211; Miranda para promover la inclusi\u00f3n."},"content":{"rendered":"\n<p>Miranda \u2013 La Direcci\u00f3n Ejecutiva de la Magistratura (DEM) abri\u00f3 sus puertas para recibir a diversas instituciones del Estado en una jornada de atenci\u00f3n e informaci\u00f3n dirigida a su personal, en la que participaron activamente la Fundaci\u00f3n Misi\u00f3n Jos\u00e9 Gregorio Hern\u00e1ndez (FMJGH) y el Consejo Nacional para las Personas con Discapacidad (CONAPDIS).<br>El objetivo de esta actividad fue fortalecer las capacidades del funcionariado en materia de inclusi\u00f3n, fomentar el trato adecuado hacia las personas con discapacidad y difundir herramientas que garanticen la accesibilidad y la igualdad de oportunidades en el \u00e1mbito laboral.<br>Durante el encuentro, el personal de la DEM recibi\u00f3 orientaci\u00f3n sobre los procesos de certificaci\u00f3n de la discapacidad, la importancia del registro y actualizaci\u00f3n de datos, as\u00ed como los servicios de apoyo y acompa\u00f1amiento que CONAPDIS y la FMJGH ofrecen a nivel nacional. Este tipo de iniciativas refuerza la coordinaci\u00f3n interinstitucional y contribuye a consolidar entornos laborales m\u00e1s inclusivos y respetuosos.<br>La jornada cont\u00f3 con la participaci\u00f3n del viceministro para la Suprema Felicidad Social del Pueblo y presidente de la Fundaci\u00f3n Misi\u00f3n Negra Hip\u00f3lita, Jos\u00e9 Mendoza, quien resalt\u00f3 la importancia de estas acciones para garantizar el bienestar de los trabajadores y sus familias.<br>Por su parte, Soraida Ram\u00edrez Osorio, presidenta de CONAPDIS y de la FMJGH, y Yudith Parra de Rodr\u00edguez, presidenta de la Fundaci\u00f3n Jos\u00e9 F\u00e9lix Ribas (FUNDARIBAS), agradecieron a la DEM por abrir espacios de formaci\u00f3n y sensibilizaci\u00f3n en materia de discapacidad, destacando el valor de fortalecer la inclusi\u00f3n, el buen trato y la igualdad de oportunidades.<br>Con esta actividad se reafirma el compromiso con la construcci\u00f3n de entornos laborales accesibles y solidarios, donde las personas con discapacidad y sus familias puedan ejercer plenamente sus derechos y participar activamente en la sociedad.<\/p>\n\t\t\n\t\t\t<style>\/*! elementor - v3.5.2 - 22-12-2021 *\/\n.elementor-widget-image{text-align:center}.elementor-widget-image a{display:inline-block}.elementor-widget-image a img[src$=\".svg\"]{width:48px}.elementor-widget-image img{vertical-align:middle;display:inline-block}<\/style>\t\t\t\t\t\t\t\t\t\t\t\t<img decoding=\"async\" width=\"768\" height=\"1024\" src=\"http:\/\/misionjosegregoriohernandez.gob.ve\/wp-content\/uploads\/2025\/12\/5026271025762602710-768x1024.jpg\" alt=\"\" loading=\"lazy\" srcset=\"http:\/\/misionjosegregoriohernandez.gob.ve\/wp-content\/uploads\/2025\/12\/5026271025762602710-768x1024.jpg 768w, http:\/\/misionjosegregoriohernandez.gob.ve\/wp-content\/uploads\/2025\/12\/5026271025762602710-225x300.jpg 225w, http:\/\/misionjosegregoriohernandez.gob.ve\/wp-content\/uploads\/2025\/12\/5026271025762602710.jpg 960w\" sizes=\"(max-width: 768px) 100vw, 768px\" \/>\t\t\t\t\t\t\t\t\t\t\t\t\t\t\t\n\t\t\t\t\t\t\t\t\t\t\t\t\t\t\t<img decoding=\"async\" width=\"768\" height=\"1024\" src=\"http:\/\/misionjosegregoriohernandez.gob.ve\/wp-content\/uploads\/2025\/12\/5026271025762602709-768x1024.jpg\" alt=\"\" loading=\"lazy\" srcset=\"http:\/\/misionjosegregoriohernandez.gob.ve\/wp-content\/uploads\/2025\/12\/5026271025762602709-768x1024.jpg 768w, http:\/\/misionjosegregoriohernandez.gob.ve\/wp-content\/uploads\/2025\/12\/5026271025762602709-225x300.jpg 225w, http:\/\/misionjosegregoriohernandez.gob.ve\/wp-content\/uploads\/2025\/12\/5026271025762602709.jpg 960w\" sizes=\"(max-width: 768px) 100vw, 768px\" \/><div class=\"gsp_post_data\" data-post_type=\"post\" data-cat=\"noticias-2,noticias\" data-modified=\"120\" data-title=\"FMJGH y CONAPDIS apoyan la Jornada de Sensibilizaci\u00f3n organizada por la DEM &#8211; Miranda para promover la inclusi\u00f3n.\" data-home=\"http:\/\/misionjosegregoriohernandez.gob.ve\"><\/div>","protected":false},"excerpt":{"rendered":"<p>Miranda \u2013 La Direcci\u00f3n Ejecutiva de la Magistratura (DEM) abri\u00f3 sus puertas para recibir a diversas instituciones del Estado en una jornada de atenci\u00f3n e informaci\u00f3n dirigida a su personal, en la que participaron activamente la Fundaci\u00f3n Misi\u00f3n Jos\u00e9 Gregorio Hern\u00e1ndez (FMJGH) y el Consejo&#46;&#46;&#46;<\/p>\n","protected":false},"author":2,"featured_media":8933,"comment_status":"open","ping_status":"open","sticky":false,"template":"","format":"standard","meta":{"footnotes":""},"categories":[5,1],"tags":[],"_links":{"self":[{"href":"http:\/\/misionjosegregoriohernandez.gob.ve\/index.php?rest_route=\/wp\/v2\/posts\/8930"}],"collection":[{"href":"http:\/\/misionjosegregoriohernandez.gob.ve\/index.php?rest_route=\/wp\/v2\/posts"}],"about":[{"href":"http:\/\/misionjosegregoriohernandez.gob.ve\/index.php?rest_route=\/wp\/v2\/types\/post"}],"author":[{"embeddable":true,"href":"http:\/\/misionjosegregoriohernandez.gob.ve\/index.php?rest_route=\/wp\/v2\/users\/2"}],"replies":[{"embeddable":true,"href":"http:\/\/misionjosegregoriohernandez.gob.ve\/index.php?rest_route=%2Fwp%2Fv2%2Fcomments&post=8930"}],"version-history":[{"count":7,"href":"http:\/\/misionjosegregoriohernandez.gob.ve\/index.php?rest_route=\/wp\/v2\/posts\/8930\/revisions"}],"predecessor-version":[{"id":12254,"href":"http:\/\/misionjosegregoriohernandez.gob.ve\/index.php?rest_route=\/wp\/v2\/posts\/8930\/revisions\/12254"}],"wp:featuredmedia":[{"embeddable":true,"href":"http:\/\/misionjosegregoriohernandez.gob.ve\/index.php?rest_route=\/wp\/v2\/media\/8933"}],"wp:attachment":[{"href":"http:\/\/misionjosegregoriohernandez.gob.ve\/index.php?rest_route=%2Fwp%2Fv2%2Fmedia&parent=8930"}],"wp:term":[{"taxonomy":"category","embeddable":true,"href":"http:\/\/misionjosegregoriohernandez.gob.ve\/index.php?rest_route=%2Fwp%2Fv2%2Fcategories&post=8930"},{"taxonomy":"post_tag","embeddable":true,"href":"http:\/\/misionjosegregoriohernandez.gob.ve\/index.php?rest_route=%2Fwp%2Fv2%2Ftags&post=8930"}],"curies":[{"name":"wp","href":"https:\/\/api.w.org\/{rel}","templated":true}]}}