{"id":8898,"date":"2025-12-09T15:30:18","date_gmt":"2025-12-09T19:30:18","guid":{"rendered":"http:\/\/misionjosegregoriohernandez.gob.ve\/?p=8898"},"modified":"2026-01-30T08:33:19","modified_gmt":"2026-01-30T12:33:19","slug":"conapdis-y-fmjgh-lideran-jornada-integral-por-el-dia-internacional-de-las-personas-con-discapacidad","status":"publish","type":"post","link":"http:\/\/misionjosegregoriohernandez.gob.ve\/?p=8898","title":{"rendered":"CONAPDIS Y FMJGH Lideran Jornada Integral por El D\u00eda Internacional de Las Personas Con Discapacidad"},"content":{"rendered":"\t\t<div data-elementor-type=\"wp-post\" data-elementor-id=\"8898\" class=\"elementor elementor-8898\" data-elementor-settings=\"[]\">\n\t\t\t\t\t\t\t<div class=\"elementor-section-wrap\">\n\t\t\t\t\t\t\t<section class=\"elementor-section elementor-top-section elementor-element elementor-element-124386bb elementor-section-boxed elementor-section-height-default elementor-section-height-default\" data-id=\"124386bb\" data-element_type=\"section\">\n\t\t\t\t\t\t<div class=\"elementor-container elementor-column-gap-default\">\n\t\t\t\t\t<div class=\"elementor-column elementor-col-100 elementor-top-column elementor-element elementor-element-25041b3c\" data-id=\"25041b3c\" data-element_type=\"column\">\n\t\t\t<div class=\"elementor-widget-wrap elementor-element-populated\">\n\t\t\t\t\t\t\t\t<div class=\"elementor-element elementor-element-54b4cf18 elementor-widget elementor-widget-text-editor\" data-id=\"54b4cf18\" data-element_type=\"widget\" data-widget_type=\"text-editor.default\">\n\t\t\t\t<div class=\"elementor-widget-container\">\n\t\t\t<style>\/*! elementor - v3.5.2 - 22-12-2021 *\/\n.elementor-widget-text-editor.elementor-drop-cap-view-stacked .elementor-drop-cap{background-color:#818a91;color:#fff}.elementor-widget-text-editor.elementor-drop-cap-view-framed .elementor-drop-cap{color:#818a91;border:3px solid;background-color:transparent}.elementor-widget-text-editor:not(.elementor-drop-cap-view-default) .elementor-drop-cap{margin-top:8px}.elementor-widget-text-editor:not(.elementor-drop-cap-view-default) .elementor-drop-cap-letter{width:1em;height:1em}.elementor-widget-text-editor .elementor-drop-cap{float:left;text-align:center;line-height:1;font-size:50px}.elementor-widget-text-editor .elementor-drop-cap-letter{display:inline-block}<\/style>\t\t\t\t<!-- wp:paragraph -->\n<p>En el Parque Al\u00ed Primera, en Caracas, se llev\u00f3 a cabo este 3 de diciembre una amplia jornada dedicada a reconocer y promover los derechos de las personas con discapacidad, en el marco del D\u00eda Internacional de las Personas con Discapacidad. El evento, denominado \u201cTour Potencialidades sin L\u00edmites\u201d, reuni\u00f3 a instituciones, organizaciones sociales y familias en un despliegue que combin\u00f3 servicios m\u00e9dicos, actividades culturales y demostraciones deportivas adaptadas.<br>La presidenta del Consejo Nacional para las Personas con Discapacidad (Conapdis), de la Fundaci\u00f3n Misi\u00f3n Jos\u00e9 Gregorio Hern\u00e1ndez (FMJGH) y presidenta (E) del IDENNA, Soraida Ram\u00edrez Osorio, encabez\u00f3 la actividad junto a diversas autoridades del Estado. Ram\u00edrez Osorio destac\u00f3 que iniciativas como esta consolidan el compromiso del Gobierno Bolivariano con la igualdad de oportunidades y la garant\u00eda plena de los derechos de la poblaci\u00f3n con discapacidad.<br>Durante la jornada, los asistentes accedieron a m\u00faltiples servicios de car\u00e1cter social y sanitario: medicina general e interna, ecograf\u00edas, procesos de clasificaci\u00f3n y calificaci\u00f3n de la discapacidad, entrega del certificado, orientaci\u00f3n integral a la mujer y atenci\u00f3n veterinaria. La jornada tambi\u00e9n integr\u00f3 actividades recreativas, desde pintacaritas y globo magia hasta bailoterapia, colchones inflables y exhibiciones de deporte adaptado.<br>El componente cultural abri\u00f3 con la tradicional manifestaci\u00f3n de \u201cLa Burriquita\u201d, acompa\u00f1ada por la agrupaci\u00f3n Ensalada Musical. M\u00e1s tarde, una exhibici\u00f3n de artes marciales y una presentaci\u00f3n coral interpretada por ni\u00f1os y ni\u00f1as con talentos especiales reforzaron el mensaje de diversidad, participaci\u00f3n y creatividad.<br>Uno de los momentos m\u00e1s destacados fue la entrega de \u00f3rtesis y pr\u00f3tesis fabricadas por el laboratorio de la Fundaci\u00f3n Misi\u00f3n Jos\u00e9 Gregorio Hern\u00e1ndez, dirigidas a personas con discapacidad que requer\u00edan estos dispositivos. Adem\u00e1s, se otorgaron certificados ABI a entidades laborales que cumplen con est\u00e1ndares de Accesibilidad, Buen Trato e Inserci\u00f3n Laboral, as\u00ed como reconocimientos a servidores p\u00fablicos que culminaron el Diplomado en Neurodiversidad.<br>Entre las autoridades presentes estuvieron el Defensor del Pueblo, Alfredo Ruiz; la presidenta de la Fundaci\u00f3n Nacional El Ni\u00f1o Sim\u00f3n, Mar\u00eda del Valle Carneiro de Garc\u00eda; la directora general de Educaci\u00f3n Especial, Jennifer Salar; el diputado An\u00edbal Ren\u00e9 Coltat; y Naoreth P\u00e9rez, directora de la oficina de atenci\u00f3n a las personas con discapacidad del Distrito Capital.<br>El despliegue cont\u00f3 con el apoyo de instituciones como el INN, la Defensor\u00eda del Pueblo, IDENNA, INASS, Fundaci\u00f3n El Ni\u00f1o Sim\u00f3n, FUNGENE GDC, la Direcci\u00f3n General de Educaci\u00f3n Especial, adem\u00e1s de espacios instalados por la Gran Misi\u00f3n Venezuela Mujer. La Misi\u00f3n Nevado tambi\u00e9n ofreci\u00f3 atenci\u00f3n veterinaria y jornadas de desparasitaci\u00f3n para las mascotas de las familias asistentes.<br>La actividad incluy\u00f3 adem\u00e1s la presentaci\u00f3n de la parrandita de la Fundaci\u00f3n El Ni\u00f1o Sim\u00f3n y una exhibici\u00f3n de Blindfutsal, junto a stands informativos dirigidos a la comunidad.<br>Con acciones como el \u201cTour Potencialidades sin L\u00edmites\u201d, Conapdis y la FMJGH, junto a organismos del Estado y organizaciones sociales, reiteran su compromiso de avanzar hacia una sociedad inclusiva, con atenci\u00f3n integral y oportunidades reales para todas las personas con discapacidad en Venezuela.<\/p>\n<!-- \/wp:paragraph -->\t\t\t\t\t\t<\/div>\n\t\t\t\t<\/div>\n\t\t\t\t\t<\/div>\n\t\t<\/div>\n\t\t\t\t\t\t\t<\/div>\n\t\t<\/section>\n\t\t\t\t<section class=\"elementor-section elementor-top-section elementor-element elementor-element-bd17cac elementor-section-boxed elementor-section-height-default elementor-section-height-default\" data-id=\"bd17cac\" data-element_type=\"section\">\n\t\t\t\t\t\t<div class=\"elementor-container elementor-column-gap-default\">\n\t\t\t\t\t<div class=\"elementor-column elementor-col-33 elementor-top-column elementor-element elementor-element-5603581\" data-id=\"5603581\" data-element_type=\"column\">\n\t\t\t<div class=\"elementor-widget-wrap elementor-element-populated\">\n\t\t\t\t\t\t\t\t<div class=\"elementor-element elementor-element-65155f0 elementor-widget elementor-widget-image\" data-id=\"65155f0\" data-element_type=\"widget\" data-widget_type=\"image.default\">\n\t\t\t\t<div class=\"elementor-widget-container\">\n\t\t\t<style>\/*! elementor - v3.5.2 - 22-12-2021 *\/\n.elementor-widget-image{text-align:center}.elementor-widget-image a{display:inline-block}.elementor-widget-image a img[src$=\".svg\"]{width:48px}.elementor-widget-image img{vertical-align:middle;display:inline-block}<\/style>\t\t\t\t\t\t\t\t\t\t\t\t<img loading=\"lazy\" decoding=\"async\" width=\"720\" height=\"480\" src=\"http:\/\/misionjosegregoriohernandez.gob.ve\/wp-content\/uploads\/2025\/12\/5012553673313291118.jpg\" class=\"attachment-large size-large\" alt=\"\" srcset=\"http:\/\/misionjosegregoriohernandez.gob.ve\/wp-content\/uploads\/2025\/12\/5012553673313291118.jpg 720w, http:\/\/misionjosegregoriohernandez.gob.ve\/wp-content\/uploads\/2025\/12\/5012553673313291118-300x200.jpg 300w\" sizes=\"(max-width: 720px) 100vw, 720px\" \/>\t\t\t\t\t\t\t\t\t\t\t\t\t\t\t<\/div>\n\t\t\t\t<\/div>\n\t\t\t\t\t<\/div>\n\t\t<\/div>\n\t\t\t\t<div class=\"elementor-column elementor-col-33 elementor-top-column elementor-element elementor-element-ede7800\" data-id=\"ede7800\" data-element_type=\"column\">\n\t\t\t<div class=\"elementor-widget-wrap elementor-element-populated\">\n\t\t\t\t\t\t\t\t<div class=\"elementor-element elementor-element-3e40ef1 elementor-widget elementor-widget-image\" data-id=\"3e40ef1\" data-element_type=\"widget\" data-widget_type=\"image.default\">\n\t\t\t\t<div class=\"elementor-widget-container\">\n\t\t\t\t\t\t\t\t\t\t\t\t\t\t\t<img loading=\"lazy\" decoding=\"async\" width=\"720\" height=\"480\" src=\"http:\/\/misionjosegregoriohernandez.gob.ve\/wp-content\/uploads\/2025\/12\/5012553673313291123.jpg\" class=\"attachment-large size-large\" alt=\"\" srcset=\"http:\/\/misionjosegregoriohernandez.gob.ve\/wp-content\/uploads\/2025\/12\/5012553673313291123.jpg 720w, http:\/\/misionjosegregoriohernandez.gob.ve\/wp-content\/uploads\/2025\/12\/5012553673313291123-300x200.jpg 300w\" sizes=\"(max-width: 720px) 100vw, 720px\" \/>\t\t\t\t\t\t\t\t\t\t\t\t\t\t\t<\/div>\n\t\t\t\t<\/div>\n\t\t\t\t\t<\/div>\n\t\t<\/div>\n\t\t\t\t<div class=\"elementor-column elementor-col-33 elementor-top-column elementor-element elementor-element-eb7682a\" data-id=\"eb7682a\" data-element_type=\"column\">\n\t\t\t<div class=\"elementor-widget-wrap elementor-element-populated\">\n\t\t\t\t\t\t\t\t<div class=\"elementor-element elementor-element-5633aaa elementor-widget elementor-widget-image\" data-id=\"5633aaa\" data-element_type=\"widget\" data-widget_type=\"image.default\">\n\t\t\t\t<div class=\"elementor-widget-container\">\n\t\t\t\t\t\t\t\t\t\t\t\t\t\t\t<img loading=\"lazy\" decoding=\"async\" width=\"720\" height=\"480\" src=\"http:\/\/misionjosegregoriohernandez.gob.ve\/wp-content\/uploads\/2025\/12\/5012553673313291094.jpg\" class=\"attachment-large size-large\" alt=\"\" srcset=\"http:\/\/misionjosegregoriohernandez.gob.ve\/wp-content\/uploads\/2025\/12\/5012553673313291094.jpg 720w, http:\/\/misionjosegregoriohernandez.gob.ve\/wp-content\/uploads\/2025\/12\/5012553673313291094-300x200.jpg 300w\" sizes=\"(max-width: 720px) 100vw, 720px\" \/>\t\t\t\t\t\t\t\t\t\t\t\t\t\t\t<\/div>\n\t\t\t\t<\/div>\n\t\t\t\t\t<\/div>\n\t\t<\/div>\n\t\t\t\t\t\t\t<\/div>\n\t\t<\/section>\n\t\t\t\t<section class=\"elementor-section elementor-top-section elementor-element elementor-element-7920c66 elementor-section-boxed elementor-section-height-default elementor-section-height-default\" data-id=\"7920c66\" data-element_type=\"section\">\n\t\t\t\t\t\t<div class=\"elementor-container elementor-column-gap-default\">\n\t\t\t\t\t<div class=\"elementor-column elementor-col-33 elementor-top-column elementor-element elementor-element-9568140\" data-id=\"9568140\" data-element_type=\"column\">\n\t\t\t<div class=\"elementor-widget-wrap elementor-element-populated\">\n\t\t\t\t\t\t\t\t<div class=\"elementor-element elementor-element-420db31 elementor-widget elementor-widget-image\" data-id=\"420db31\" data-element_type=\"widget\" data-widget_type=\"image.default\">\n\t\t\t\t<div class=\"elementor-widget-container\">\n\t\t\t\t\t\t\t\t\t\t\t\t\t\t\t<img loading=\"lazy\" decoding=\"async\" width=\"1024\" height=\"768\" src=\"http:\/\/misionjosegregoriohernandez.gob.ve\/wp-content\/uploads\/2025\/12\/5010479844059450190-1024x768.jpg\" class=\"attachment-large size-large\" alt=\"\" srcset=\"http:\/\/misionjosegregoriohernandez.gob.ve\/wp-content\/uploads\/2025\/12\/5010479844059450190-1024x768.jpg 1024w, http:\/\/misionjosegregoriohernandez.gob.ve\/wp-content\/uploads\/2025\/12\/5010479844059450190-300x225.jpg 300w, http:\/\/misionjosegregoriohernandez.gob.ve\/wp-content\/uploads\/2025\/12\/5010479844059450190-768x576.jpg 768w, http:\/\/misionjosegregoriohernandez.gob.ve\/wp-content\/uploads\/2025\/12\/5010479844059450190.jpg 1280w\" sizes=\"(max-width: 1024px) 100vw, 1024px\" \/>\t\t\t\t\t\t\t\t\t\t\t\t\t\t\t<\/div>\n\t\t\t\t<\/div>\n\t\t\t\t\t<\/div>\n\t\t<\/div>\n\t\t\t\t<div class=\"elementor-column elementor-col-33 elementor-top-column elementor-element elementor-element-937af8f\" data-id=\"937af8f\" data-element_type=\"column\">\n\t\t\t<div class=\"elementor-widget-wrap elementor-element-populated\">\n\t\t\t\t\t\t\t\t<div class=\"elementor-element elementor-element-3256912 elementor-widget elementor-widget-image\" data-id=\"3256912\" data-element_type=\"widget\" data-widget_type=\"image.default\">\n\t\t\t\t<div class=\"elementor-widget-container\">\n\t\t\t\t\t\t\t\t\t\t\t\t\t\t\t<img loading=\"lazy\" decoding=\"async\" width=\"720\" height=\"480\" src=\"http:\/\/misionjosegregoriohernandez.gob.ve\/wp-content\/uploads\/2025\/12\/5012553673313291064.jpg\" class=\"attachment-large size-large\" alt=\"\" srcset=\"http:\/\/misionjosegregoriohernandez.gob.ve\/wp-content\/uploads\/2025\/12\/5012553673313291064.jpg 720w, http:\/\/misionjosegregoriohernandez.gob.ve\/wp-content\/uploads\/2025\/12\/5012553673313291064-300x200.jpg 300w\" sizes=\"(max-width: 720px) 100vw, 720px\" \/>\t\t\t\t\t\t\t\t\t\t\t\t\t\t\t<\/div>\n\t\t\t\t<\/div>\n\t\t\t\t\t<\/div>\n\t\t<\/div>\n\t\t\t\t<div class=\"elementor-column elementor-col-33 elementor-top-column elementor-element elementor-element-a6d8d34\" data-id=\"a6d8d34\" data-element_type=\"column\">\n\t\t\t<div class=\"elementor-widget-wrap elementor-element-populated\">\n\t\t\t\t\t\t\t\t<div class=\"elementor-element elementor-element-8254099 elementor-widget elementor-widget-image\" data-id=\"8254099\" data-element_type=\"widget\" data-widget_type=\"image.default\">\n\t\t\t\t<div class=\"elementor-widget-container\">\n\t\t\t\t\t\t\t\t\t\t\t\t\t\t\t<img loading=\"lazy\" decoding=\"async\" width=\"720\" height=\"480\" src=\"http:\/\/misionjosegregoriohernandez.gob.ve\/wp-content\/uploads\/2025\/12\/5012553673313291075.jpg\" class=\"attachment-large size-large\" alt=\"\" srcset=\"http:\/\/misionjosegregoriohernandez.gob.ve\/wp-content\/uploads\/2025\/12\/5012553673313291075.jpg 720w, http:\/\/misionjosegregoriohernandez.gob.ve\/wp-content\/uploads\/2025\/12\/5012553673313291075-300x200.jpg 300w\" sizes=\"(max-width: 720px) 100vw, 720px\" \/>\t\t\t\t\t\t\t\t\t\t\t\t\t\t\t<\/div>\n\t\t\t\t<\/div>\n\t\t\t\t\t<\/div>\n\t\t<\/div>\n\t\t\t\t\t\t\t<\/div>\n\t\t<\/section>\n\t\t\t\t\t\t<\/div>\n\t\t\t\t\t<\/div>\n\t\t<div class=\"gsp_post_data\" data-post_type=\"post\" data-cat=\"noticias,noticias-2\" data-modified=\"120\" data-title=\"CONAPDIS Y FMJGH Lideran Jornada Integral por El D\u00eda Internacional de Las Personas Con Discapacidad\" data-home=\"http:\/\/misionjosegregoriohernandez.gob.ve\"><\/div>","protected":false},"excerpt":{"rendered":"<p>En el Parque Al\u00ed Primera, en Caracas, se llev\u00f3 a cabo este 3 de diciembre una amplia jornada dedicada a reconocer y promover los derechos de las personas con discapacidad, en el marco del D\u00eda Internacional de las Personas con Discapacidad. El evento, denominado \u201cTour&#46;&#46;&#46;<\/p>\n","protected":false},"author":2,"featured_media":8899,"comment_status":"open","ping_status":"open","sticky":false,"template":"","format":"standard","meta":{"footnotes":""},"categories":[1,5],"tags":[],"_links":{"self":[{"href":"http:\/\/misionjosegregoriohernandez.gob.ve\/index.php?rest_route=\/wp\/v2\/posts\/8898"}],"collection":[{"href":"http:\/\/misionjosegregoriohernandez.gob.ve\/index.php?rest_route=\/wp\/v2\/posts"}],"about":[{"href":"http:\/\/misionjosegregoriohernandez.gob.ve\/index.php?rest_route=\/wp\/v2\/types\/post"}],"author":[{"embeddable":true,"href":"http:\/\/misionjosegregoriohernandez.gob.ve\/index.php?rest_route=\/wp\/v2\/users\/2"}],"replies":[{"embeddable":true,"href":"http:\/\/misionjosegregoriohernandez.gob.ve\/index.php?rest_route=%2Fwp%2Fv2%2Fcomments&post=8898"}],"version-history":[{"count":6,"href":"http:\/\/misionjosegregoriohernandez.gob.ve\/index.php?rest_route=\/wp\/v2\/posts\/8898\/revisions"}],"predecessor-version":[{"id":12236,"href":"http:\/\/misionjosegregoriohernandez.gob.ve\/index.php?rest_route=\/wp\/v2\/posts\/8898\/revisions\/12236"}],"wp:featuredmedia":[{"embeddable":true,"href":"http:\/\/misionjosegregoriohernandez.gob.ve\/index.php?rest_route=\/wp\/v2\/media\/8899"}],"wp:attachment":[{"href":"http:\/\/misionjosegregoriohernandez.gob.ve\/index.php?rest_route=%2Fwp%2Fv2%2Fmedia&parent=8898"}],"wp:term":[{"taxonomy":"category","embeddable":true,"href":"http:\/\/misionjosegregoriohernandez.gob.ve\/index.php?rest_route=%2Fwp%2Fv2%2Fcategories&post=8898"},{"taxonomy":"post_tag","embeddable":true,"href":"http:\/\/misionjosegregoriohernandez.gob.ve\/index.php?rest_route=%2Fwp%2Fv2%2Ftags&post=8898"}],"curies":[{"name":"wp","href":"https:\/\/api.w.org\/{rel}","templated":true}]}}