{"id":8676,"date":"2025-10-20T06:42:38","date_gmt":"2025-10-20T10:42:38","guid":{"rendered":"http:\/\/misionjosegregoriohernandez.gob.ve\/?p=8676"},"modified":"2026-02-05T12:37:41","modified_gmt":"2026-02-05T16:37:41","slug":"eucaristia-de-accion-de-gracias-en-la-casa-museo-un-jubiloso-homenaje-nacional-a-jose-gregorio-hernandez","status":"publish","type":"post","link":"http:\/\/misionjosegregoriohernandez.gob.ve\/?p=8676","title":{"rendered":"Eucarist\u00eda de Acci\u00f3n de Gracias en la Casa Museo: Un Jubiloso Homenaje Nacional a Jos\u00e9 Gregorio Hern\u00e1ndez."},"content":{"rendered":"\n<p>J\u00daBILO NACIONAL: EUCARIST\u00cdA DE ACCI\u00d3N DE GRACIAS EN LA CASA MUSEO JOS\u00c9 GREGORIO HERN\u00c1NDEZ<\/p>\n\n\n\n<p>Celebra la Canonizaci\u00f3n de los Primeros Santos Venezolanos<\/p>\n\n\n\n<p>CARACAS, 19 de octubre de 2025 \u2013 La fe venezolana se desbord\u00f3 en una emotiva Eucarist\u00eda de Acci\u00f3n de Gracias celebrada en la Casa Museo Jos\u00e9 Gregorio Hern\u00e1ndez, en conmemoraci\u00f3n de la hist\u00f3rica canonizaci\u00f3n del Dr. Jos\u00e9 Gregorio Hern\u00e1ndez Cisneros y la Madre Carmen Elena Rendiles Mart\u00ednez, los primeros santos de la Rep\u00fablica.<\/p>\n\n\n\n<p>La solemne misa fue oficiada por el presb\u00edtero Juan Carlos Maldonado, quien elev\u00f3 la acci\u00f3n de gracias por el reconocimiento universal del Papa a estas dos figuras que encarnaron el servicio a la naci\u00f3n.<\/p>\n\n\n\n<p>Durante la homil\u00eda, el presb\u00edtero Maldonado invit\u00f3 a la feligres\u00eda a asumir el legado de los nuevos santos como un llamado a la unidad y la esperanza. \u201cNo celebremos solo el milagro, sino la vida de caridad. Jos\u00e9 Gregorio y Carmen Rendiles nos ense\u00f1an que la santidad no es una meta inalcanzable, sino el resultado de vivir el Evangelio cada d\u00eda, con humildad y dedicaci\u00f3n al pr\u00f3jimo. Su canonizaci\u00f3n debe ser un puente que una a todos los venezolanos en la fe y el servicio\u201d, expres\u00f3 Maldonado.<\/p>\n\n\n\n<p>El evento cont\u00f3 con la participaci\u00f3n de diversas personalidades y devotos. Rolando Rodr\u00edguez, director de la Casa Museo Jos\u00e9 Gregorio Hern\u00e1ndez, expres\u00f3 el profundo sentir de la comunidad ante este logro hist\u00f3rico. \u201cEste d\u00eda representa la culminaci\u00f3n de un sue\u00f1o que albergamos por m\u00e1s de medio siglo. Ver a nuestro querido &#8220;M\u00e9dico de los Pobres&#8221; elevado a los altares junto a la Madre Carmen es una bendici\u00f3n y una inyecci\u00f3n de fe para Venezuela. Es el triunfo de la devoci\u00f3n popular y el servicio desinteresado\u201d, afirm\u00f3 Rodr\u00edguez.<\/p>\n\n\n\n<p>Por su parte, Soraida Ram\u00edrez Osorio, presidenta del Consejo Nacional para las Personas con Discapacidad (CONAPDIS), de la Fundaci\u00f3n Misi\u00f3n Jos\u00e9 Gregorio Hern\u00e1ndez (FMJGH) y presidenta (E) del Instituto Aut\u00f3nomo Consejo Nacional de Derechos de Ni\u00f1os, Ni\u00f1as y Adolescentes (IDENNA), destac\u00f3 el impacto social de los nuevos santos. \u201cEn nombre de todos los misioneros, celebramos que el mundo reconozca la inmensa labor social de nuestros santos. La FMJGH y el CONAPDIS seguiremos su ejemplo, llevando atenci\u00f3n y esperanza a quienes m\u00e1s lo necesitan. La canonizaci\u00f3n nos compromete a redoblar la Misi\u00f3n con ciencia, caridad e inclusi\u00f3n para todas y todos\u201d, manifest\u00f3 Ram\u00edrez.<\/p>\n\n\n\n<p>La Eucarist\u00eda de Acci\u00f3n de Gracias concluy\u00f3 con un canto de gratitud, sellando el profundo fervor con el que la naci\u00f3n venezolana ha recibido este hito hist\u00f3rico en el Vaticano.&nbsp;<\/p>\n\n\n\n<figure class=\"wp-block-table\"><table><tbody><tr><td><\/td><td>ResponderReenviarA\u00f1adir reacci\u00f3n<\/td><\/tr><\/tbody><\/table><\/figure>\n<div class=\"gsp_post_data\" data-post_type=\"post\" data-cat=\"noticias,noticias-2\" data-modified=\"120\" data-title=\"Eucarist\u00eda de Acci\u00f3n de Gracias en la Casa Museo: Un Jubiloso Homenaje Nacional a Jos\u00e9 Gregorio Hern\u00e1ndez.\" data-home=\"http:\/\/misionjosegregoriohernandez.gob.ve\"><\/div>","protected":false},"excerpt":{"rendered":"<p>J\u00daBILO NACIONAL: EUCARIST\u00cdA DE ACCI\u00d3N DE GRACIAS EN LA CASA MUSEO JOS\u00c9 GREGORIO HERN\u00c1NDEZ Celebra la Canonizaci\u00f3n de los Primeros Santos Venezolanos CARACAS, 19 de octubre de 2025 \u2013 La fe venezolana se desbord\u00f3 en una emotiva Eucarist\u00eda de Acci\u00f3n de Gracias celebrada en la&#46;&#46;&#46;<\/p>\n","protected":false},"author":1,"featured_media":8678,"comment_status":"open","ping_status":"open","sticky":false,"template":"","format":"standard","meta":{"footnotes":""},"categories":[1,5],"tags":[],"_links":{"self":[{"href":"http:\/\/misionjosegregoriohernandez.gob.ve\/index.php?rest_route=\/wp\/v2\/posts\/8676"}],"collection":[{"href":"http:\/\/misionjosegregoriohernandez.gob.ve\/index.php?rest_route=\/wp\/v2\/posts"}],"about":[{"href":"http:\/\/misionjosegregoriohernandez.gob.ve\/index.php?rest_route=\/wp\/v2\/types\/post"}],"author":[{"embeddable":true,"href":"http:\/\/misionjosegregoriohernandez.gob.ve\/index.php?rest_route=\/wp\/v2\/users\/1"}],"replies":[{"embeddable":true,"href":"http:\/\/misionjosegregoriohernandez.gob.ve\/index.php?rest_route=%2Fwp%2Fv2%2Fcomments&post=8676"}],"version-history":[{"count":2,"href":"http:\/\/misionjosegregoriohernandez.gob.ve\/index.php?rest_route=\/wp\/v2\/posts\/8676\/revisions"}],"predecessor-version":[{"id":12258,"href":"http:\/\/misionjosegregoriohernandez.gob.ve\/index.php?rest_route=\/wp\/v2\/posts\/8676\/revisions\/12258"}],"wp:featuredmedia":[{"embeddable":true,"href":"http:\/\/misionjosegregoriohernandez.gob.ve\/index.php?rest_route=\/wp\/v2\/media\/8678"}],"wp:attachment":[{"href":"http:\/\/misionjosegregoriohernandez.gob.ve\/index.php?rest_route=%2Fwp%2Fv2%2Fmedia&parent=8676"}],"wp:term":[{"taxonomy":"category","embeddable":true,"href":"http:\/\/misionjosegregoriohernandez.gob.ve\/index.php?rest_route=%2Fwp%2Fv2%2Fcategories&post=8676"},{"taxonomy":"post_tag","embeddable":true,"href":"http:\/\/misionjosegregoriohernandez.gob.ve\/index.php?rest_route=%2Fwp%2Fv2%2Ftags&post=8676"}],"curies":[{"name":"wp","href":"https:\/\/api.w.org\/{rel}","templated":true}]}}