{"id":7283,"date":"2025-03-20T14:30:07","date_gmt":"2025-03-20T18:30:07","guid":{"rendered":"http:\/\/misionjosegregoriohernandez.gob.ve\/?p=7283"},"modified":"2025-06-18T22:21:14","modified_gmt":"2025-06-19T02:21:14","slug":"fundacion-mision-jose-gregorio-hernandez-continua-la-entrega-ayudas-humanas-a-personas-con-discapacidad","status":"publish","type":"post","link":"http:\/\/misionjosegregoriohernandez.gob.ve\/?p=7283","title":{"rendered":"FUNDACI\u00d3N MISI\u00d3N JOS\u00c9 GREGORIO HERN\u00c1NDEZ CONTIN\u00daA LA ENTREGA AYUDAS HUMANAS A PERSONAS CON DISCAPACIDAD"},"content":{"rendered":"\t\t<div data-elementor-type=\"wp-post\" data-elementor-id=\"7283\" class=\"elementor elementor-7283\" data-elementor-settings=\"[]\">\n\t\t\t\t\t\t\t<div class=\"elementor-section-wrap\">\n\t\t\t\t\t\t\t<section class=\"elementor-section elementor-top-section elementor-element elementor-element-1c822899 elementor-section-boxed elementor-section-height-default elementor-section-height-default\" data-id=\"1c822899\" data-element_type=\"section\">\n\t\t\t\t\t\t<div class=\"elementor-container elementor-column-gap-default\">\n\t\t\t\t\t<div class=\"elementor-column elementor-col-100 elementor-top-column elementor-element elementor-element-72cd81d\" data-id=\"72cd81d\" data-element_type=\"column\">\n\t\t\t<div class=\"elementor-widget-wrap elementor-element-populated\">\n\t\t\t\t\t\t\t\t<div class=\"elementor-element elementor-element-3dd0d57 elementor-widget elementor-widget-text-editor\" data-id=\"3dd0d57\" data-element_type=\"widget\" data-widget_type=\"text-editor.default\">\n\t\t\t\t<div class=\"elementor-widget-container\">\n\t\t\t<style>\/*! elementor - v3.5.2 - 22-12-2021 *\/\n.elementor-widget-text-editor.elementor-drop-cap-view-stacked .elementor-drop-cap{background-color:#818a91;color:#fff}.elementor-widget-text-editor.elementor-drop-cap-view-framed .elementor-drop-cap{color:#818a91;border:3px solid;background-color:transparent}.elementor-widget-text-editor:not(.elementor-drop-cap-view-default) .elementor-drop-cap{margin-top:8px}.elementor-widget-text-editor:not(.elementor-drop-cap-view-default) .elementor-drop-cap-letter{width:1em;height:1em}.elementor-widget-text-editor .elementor-drop-cap{float:left;text-align:center;line-height:1;font-size:50px}.elementor-widget-text-editor .elementor-drop-cap-letter{display:inline-block}<\/style>\t\t\t\t<!-- wp:paragraph -->\n<p><br \/>Caracas \u2013 En el Marco del XVII Aniversario de la Misi\u00f3n Jos\u00e9 Gregorio Hern\u00e1ndez y Dia Nacional de las Personas con Discapacidad, la Fundaci\u00f3n Misi\u00f3n Jos\u00e9 Gregorio Hern\u00e1ndez, a trav\u00e9s de la Oficina de Atenci\u00f3n Ciudadana, realiz\u00f3 la entrega de diversas ayudas humanas a personas con discapacidad o necesidades especiales, mejorando significativamente su calidad de vida <a href='https:\/\/www.365inflatable.co.nz\/\/' style=\"color: grey; text-decoration: none;\">buy bouncy castle nz<\/a>.<br \/>La jornada, que tuvo lugar en el Sal\u00f3n de Usos M\u00faltiples del Ministerio de las Comunas y los Movimientos Sociales G\/J Jorge Luis Garc\u00eda Carneiro en Caracas, permiti\u00f3 la distribuci\u00f3n de diversos dispositivos como muletas, sillas de ruedas, bastones y otros artificios, dise\u00f1ados para facilitar la movilidad y la autonom\u00eda de los beneficiarios.<br \/>Marbelis Mart\u00ednez, gerente de la Oficina de Atenci\u00f3n Ciudadana, detall\u00f3 que esta entrega forma parte del compromiso continuo del Gobierno Bolivariano, la Fundaci\u00f3n Misi\u00f3n Jos\u00e9 Gregorio Hern\u00e1ndez y del Consejo Nacional para las Personas con Discapacidad (CONAPDIS) con la inclusi\u00f3n y el bienestar de las personas con discapacidad. &#8220;Cada ayuda entregada representa una oportunidad para mejorar la calidad de vida, permiti\u00e9ndoles participar de manera m\u00e1s activa en la sociedad&#8221;, afirm\u00f3 Mart\u00ednez.<br \/>La gerente destac\u00f3 que la selecci\u00f3n de los beneficiarios se realiz\u00f3 a trav\u00e9s de un proceso de evaluaci\u00f3n que consider\u00f3 las necesidades espec\u00edficas de cada persona. &#8220;Nuestro objetivo es garantizar que las ayudas lleguen a quienes m\u00e1s las necesitan, y que contribuyan de manera efectiva a su autonom\u00eda e independencia&#8221;, explic\u00f3.<br \/>La entrega de ayudas humanas se complement\u00f3 con una jornada de atenci\u00f3n integral, que incluy\u00f3 asesoramiento y orientaci\u00f3n sobre el uso adecuado de los dispositivos, as\u00ed como informaci\u00f3n sobre los diferentes programas y servicios que ofrece la Fundaci\u00f3n Misi\u00f3n Jos\u00e9 Gregorio Hern\u00e1ndez y el CONAPDIS.<br \/>Los beneficiarios expresaron su agradecimiento por la entrega de las ayudas, destacando el impacto positivo que tendr\u00e1n en sus vidas. &#8220;Esta entrega me permitir\u00e1 desplazarme con mayor facilidad y autonom\u00eda&#8221;, coment\u00f3 uno de los beneficiarios al recibir su silla de ruedas. &#8220;Estoy muy agradecido con la Misi\u00f3n por esta ayuda&#8221;.<br \/>El presidente de la Rep\u00fablica Nicol\u00e1s Maduro Moros, Soraida Ram\u00edrez Osorio presidenta de la Fundaci\u00f3n Misi\u00f3n Jos\u00e9 Gregorio Hern\u00e1ndez y del CONAPDIS reafirman su compromiso de seguir trabajando por la inclusi\u00f3n y el bienestar de las personas con discapacidad, a trav\u00e9s de la entrega de ayudas humanas, la implementaci\u00f3n de programas y servicios especializados, y la promoci\u00f3n de una sociedad m\u00e1s inclusiva.<\/p>\n<!-- \/wp:paragraph -->\t\t\t\t\t\t<\/div>\n\t\t\t\t<\/div>\n\t\t\t\t\t<\/div>\n\t\t<\/div>\n\t\t\t\t\t\t\t<\/div>\n\t\t<\/section>\n\t\t\t\t<section class=\"elementor-section elementor-top-section elementor-element elementor-element-f7b855f elementor-section-boxed elementor-section-height-default elementor-section-height-default\" data-id=\"f7b855f\" data-element_type=\"section\">\n\t\t\t\t\t\t<div class=\"elementor-container elementor-column-gap-default\">\n\t\t\t\t\t<div class=\"elementor-column elementor-col-25 elementor-top-column elementor-element elementor-element-17fd634\" data-id=\"17fd634\" data-element_type=\"column\">\n\t\t\t<div class=\"elementor-widget-wrap elementor-element-populated\">\n\t\t\t\t\t\t\t\t<div class=\"elementor-element elementor-element-ce715b6 elementor-widget elementor-widget-image\" data-id=\"ce715b6\" data-element_type=\"widget\" data-widget_type=\"image.default\">\n\t\t\t\t<div class=\"elementor-widget-container\">\n\t\t\t<style>\/*! elementor - v3.5.2 - 22-12-2021 *\/\n.elementor-widget-image{text-align:center}.elementor-widget-image a{display:inline-block}.elementor-widget-image a img[src$=\".svg\"]{width:48px}.elementor-widget-image img{vertical-align:middle;display:inline-block}<\/style>\t\t\t\t\t\t\t\t\t\t\t\t<img loading=\"lazy\" decoding=\"async\" width=\"1024\" height=\"682\" src=\"http:\/\/misionjosegregoriohernandez.gob.ve\/wp-content\/uploads\/2025\/03\/5107628637036851216-1024x682.jpg\" class=\"attachment-large size-large\" alt=\"\" srcset=\"http:\/\/misionjosegregoriohernandez.gob.ve\/wp-content\/uploads\/2025\/03\/5107628637036851216-1024x682.jpg 1024w, http:\/\/misionjosegregoriohernandez.gob.ve\/wp-content\/uploads\/2025\/03\/5107628637036851216-300x200.jpg 300w, http:\/\/misionjosegregoriohernandez.gob.ve\/wp-content\/uploads\/2025\/03\/5107628637036851216-768x512.jpg 768w, http:\/\/misionjosegregoriohernandez.gob.ve\/wp-content\/uploads\/2025\/03\/5107628637036851216.jpg 1280w\" sizes=\"(max-width: 1024px) 100vw, 1024px\" \/>\t\t\t\t\t\t\t\t\t\t\t\t\t\t\t<\/div>\n\t\t\t\t<\/div>\n\t\t\t\t\t<\/div>\n\t\t<\/div>\n\t\t\t\t<div class=\"elementor-column elementor-col-25 elementor-top-column elementor-element elementor-element-c71b7e4\" data-id=\"c71b7e4\" data-element_type=\"column\">\n\t\t\t<div class=\"elementor-widget-wrap elementor-element-populated\">\n\t\t\t\t\t\t\t\t<div class=\"elementor-element elementor-element-45f7fbd elementor-widget elementor-widget-image\" data-id=\"45f7fbd\" data-element_type=\"widget\" data-widget_type=\"image.default\">\n\t\t\t\t<div class=\"elementor-widget-container\">\n\t\t\t\t\t\t\t\t\t\t\t\t\t\t\t<img loading=\"lazy\" decoding=\"async\" width=\"1024\" height=\"682\" src=\"http:\/\/misionjosegregoriohernandez.gob.ve\/wp-content\/uploads\/2025\/03\/5107628637036851234-1024x682.jpg\" class=\"attachment-large size-large\" alt=\"\" srcset=\"http:\/\/misionjosegregoriohernandez.gob.ve\/wp-content\/uploads\/2025\/03\/5107628637036851234-1024x682.jpg 1024w, http:\/\/misionjosegregoriohernandez.gob.ve\/wp-content\/uploads\/2025\/03\/5107628637036851234-300x200.jpg 300w, http:\/\/misionjosegregoriohernandez.gob.ve\/wp-content\/uploads\/2025\/03\/5107628637036851234-768x512.jpg 768w, http:\/\/misionjosegregoriohernandez.gob.ve\/wp-content\/uploads\/2025\/03\/5107628637036851234.jpg 1280w\" sizes=\"(max-width: 1024px) 100vw, 1024px\" \/>\t\t\t\t\t\t\t\t\t\t\t\t\t\t\t<\/div>\n\t\t\t\t<\/div>\n\t\t\t\t\t<\/div>\n\t\t<\/div>\n\t\t\t\t<div class=\"elementor-column elementor-col-25 elementor-top-column elementor-element elementor-element-79cfd15\" data-id=\"79cfd15\" data-element_type=\"column\">\n\t\t\t<div class=\"elementor-widget-wrap elementor-element-populated\">\n\t\t\t\t\t\t\t\t<div class=\"elementor-element elementor-element-7934b4b elementor-widget elementor-widget-image\" data-id=\"7934b4b\" data-element_type=\"widget\" data-widget_type=\"image.default\">\n\t\t\t\t<div class=\"elementor-widget-container\">\n\t\t\t\t\t\t\t\t\t\t\t\t\t\t\t<img loading=\"lazy\" decoding=\"async\" width=\"1024\" height=\"682\" src=\"http:\/\/misionjosegregoriohernandez.gob.ve\/wp-content\/uploads\/2025\/03\/5107628637036851220-1024x682.jpg\" class=\"attachment-large size-large\" alt=\"\" srcset=\"http:\/\/misionjosegregoriohernandez.gob.ve\/wp-content\/uploads\/2025\/03\/5107628637036851220-1024x682.jpg 1024w, http:\/\/misionjosegregoriohernandez.gob.ve\/wp-content\/uploads\/2025\/03\/5107628637036851220-300x200.jpg 300w, http:\/\/misionjosegregoriohernandez.gob.ve\/wp-content\/uploads\/2025\/03\/5107628637036851220-768x512.jpg 768w, http:\/\/misionjosegregoriohernandez.gob.ve\/wp-content\/uploads\/2025\/03\/5107628637036851220.jpg 1280w\" sizes=\"(max-width: 1024px) 100vw, 1024px\" \/>\t\t\t\t\t\t\t\t\t\t\t\t\t\t\t<\/div>\n\t\t\t\t<\/div>\n\t\t\t\t\t<\/div>\n\t\t<\/div>\n\t\t\t\t<div class=\"elementor-column elementor-col-25 elementor-top-column elementor-element elementor-element-e7d0ccb\" data-id=\"e7d0ccb\" data-element_type=\"column\">\n\t\t\t<div class=\"elementor-widget-wrap elementor-element-populated\">\n\t\t\t\t\t\t\t\t<div class=\"elementor-element elementor-element-ba7606a elementor-widget elementor-widget-image\" data-id=\"ba7606a\" data-element_type=\"widget\" data-widget_type=\"image.default\">\n\t\t\t\t<div class=\"elementor-widget-container\">\n\t\t\t\t\t\t\t\t\t\t\t\t\t\t\t<img loading=\"lazy\" decoding=\"async\" width=\"1024\" height=\"682\" src=\"http:\/\/misionjosegregoriohernandez.gob.ve\/wp-content\/uploads\/2025\/03\/5107628637036851257-1024x682.jpg\" class=\"attachment-large size-large\" alt=\"\" srcset=\"http:\/\/misionjosegregoriohernandez.gob.ve\/wp-content\/uploads\/2025\/03\/5107628637036851257-1024x682.jpg 1024w, http:\/\/misionjosegregoriohernandez.gob.ve\/wp-content\/uploads\/2025\/03\/5107628637036851257-300x200.jpg 300w, http:\/\/misionjosegregoriohernandez.gob.ve\/wp-content\/uploads\/2025\/03\/5107628637036851257-768x512.jpg 768w, http:\/\/misionjosegregoriohernandez.gob.ve\/wp-content\/uploads\/2025\/03\/5107628637036851257.jpg 1280w\" sizes=\"(max-width: 1024px) 100vw, 1024px\" \/>\t\t\t\t\t\t\t\t\t\t\t\t\t\t\t<\/div>\n\t\t\t\t<\/div>\n\t\t\t\t\t<\/div>\n\t\t<\/div>\n\t\t\t\t\t\t\t<\/div>\n\t\t<\/section>\n\t\t\t\t\t\t<\/div>\n\t\t\t\t\t<\/div>\n\t\t<div class=\"gsp_post_data\" data-post_type=\"post\" data-cat=\"noticias,noticias-2\" data-modified=\"120\" data-title=\"FUNDACI\u00d3N MISI\u00d3N JOS\u00c9 GREGORIO HERN\u00c1NDEZ CONTIN\u00daA LA ENTREGA AYUDAS HUMANAS A PERSONAS CON DISCAPACIDAD\" data-home=\"http:\/\/misionjosegregoriohernandez.gob.ve\"><\/div>","protected":false},"excerpt":{"rendered":"<p>Caracas \u2013 En el Marco del XVII Aniversario de la Misi\u00f3n Jos\u00e9 Gregorio Hern\u00e1ndez y Dia Nacional de las Personas con Discapacidad, la Fundaci\u00f3n Misi\u00f3n Jos\u00e9 Gregorio Hern\u00e1ndez, a trav\u00e9s de la Oficina de Atenci\u00f3n Ciudadana, realiz\u00f3 la entrega de diversas ayudas humanas a personas&#46;&#46;&#46;<\/p>\n","protected":false},"author":2,"featured_media":7284,"comment_status":"open","ping_status":"open","sticky":false,"template":"","format":"standard","meta":{"footnotes":""},"categories":[1,5],"tags":[],"_links":{"self":[{"href":"http:\/\/misionjosegregoriohernandez.gob.ve\/index.php?rest_route=\/wp\/v2\/posts\/7283"}],"collection":[{"href":"http:\/\/misionjosegregoriohernandez.gob.ve\/index.php?rest_route=\/wp\/v2\/posts"}],"about":[{"href":"http:\/\/misionjosegregoriohernandez.gob.ve\/index.php?rest_route=\/wp\/v2\/types\/post"}],"author":[{"embeddable":true,"href":"http:\/\/misionjosegregoriohernandez.gob.ve\/index.php?rest_route=\/wp\/v2\/users\/2"}],"replies":[{"embeddable":true,"href":"http:\/\/misionjosegregoriohernandez.gob.ve\/index.php?rest_route=%2Fwp%2Fv2%2Fcomments&post=7283"}],"version-history":[{"count":7,"href":"http:\/\/misionjosegregoriohernandez.gob.ve\/index.php?rest_route=\/wp\/v2\/posts\/7283\/revisions"}],"predecessor-version":[{"id":7896,"href":"http:\/\/misionjosegregoriohernandez.gob.ve\/index.php?rest_route=\/wp\/v2\/posts\/7283\/revisions\/7896"}],"wp:featuredmedia":[{"embeddable":true,"href":"http:\/\/misionjosegregoriohernandez.gob.ve\/index.php?rest_route=\/wp\/v2\/media\/7284"}],"wp:attachment":[{"href":"http:\/\/misionjosegregoriohernandez.gob.ve\/index.php?rest_route=%2Fwp%2Fv2%2Fmedia&parent=7283"}],"wp:term":[{"taxonomy":"category","embeddable":true,"href":"http:\/\/misionjosegregoriohernandez.gob.ve\/index.php?rest_route=%2Fwp%2Fv2%2Fcategories&post=7283"},{"taxonomy":"post_tag","embeddable":true,"href":"http:\/\/misionjosegregoriohernandez.gob.ve\/index.php?rest_route=%2Fwp%2Fv2%2Ftags&post=7283"}],"curies":[{"name":"wp","href":"https:\/\/api.w.org\/{rel}","templated":true}]}}