{"id":7105,"date":"2025-02-03T11:40:54","date_gmt":"2025-02-03T15:40:54","guid":{"rendered":"http:\/\/misionjosegregoriohernandez.gob.ve\/?p=7105"},"modified":"2025-06-19T01:42:28","modified_gmt":"2025-06-19T05:42:28","slug":"personas-con-discapacidad-ejercen-su-ciudadania-en-la-primera-consulta-popular-de-2025","status":"publish","type":"post","link":"http:\/\/misionjosegregoriohernandez.gob.ve\/?p=7105","title":{"rendered":"PERSONAS CON DISCAPACIDAD EJERCEN SU CIUDADAN\u00cdA EN LA PRIMERA CONSULTA POPULAR DE 2025."},"content":{"rendered":"\t\t<div data-elementor-type=\"wp-post\" data-elementor-id=\"7105\" class=\"elementor elementor-7105\" data-elementor-settings=\"[]\">\n\t\t\t\t\t\t\t<div class=\"elementor-section-wrap\">\n\t\t\t\t\t\t\t<section class=\"elementor-section elementor-top-section elementor-element elementor-element-4cd11b20 elementor-section-boxed elementor-section-height-default elementor-section-height-default\" data-id=\"4cd11b20\" data-element_type=\"section\">\n\t\t\t\t\t\t<div class=\"elementor-container elementor-column-gap-default\">\n\t\t\t\t\t<div class=\"elementor-column elementor-col-100 elementor-top-column elementor-element elementor-element-77400fdf\" data-id=\"77400fdf\" data-element_type=\"column\">\n\t\t\t<div class=\"elementor-widget-wrap elementor-element-populated\">\n\t\t\t\t\t\t\t\t<div class=\"elementor-element elementor-element-1fd4650e elementor-widget elementor-widget-text-editor\" data-id=\"1fd4650e\" data-element_type=\"widget\" data-widget_type=\"text-editor.default\">\n\t\t\t\t<div class=\"elementor-widget-container\">\n\t\t\t<style>\/*! elementor - v3.5.2 - 22-12-2021 *\/\n.elementor-widget-text-editor.elementor-drop-cap-view-stacked .elementor-drop-cap{background-color:#818a91;color:#fff}.elementor-widget-text-editor.elementor-drop-cap-view-framed .elementor-drop-cap{color:#818a91;border:3px solid;background-color:transparent}.elementor-widget-text-editor:not(.elementor-drop-cap-view-default) .elementor-drop-cap{margin-top:8px}.elementor-widget-text-editor:not(.elementor-drop-cap-view-default) .elementor-drop-cap-letter{width:1em;height:1em}.elementor-widget-text-editor .elementor-drop-cap{float:left;text-align:center;line-height:1;font-size:50px}.elementor-widget-text-editor .elementor-drop-cap-letter{display:inline-block}<\/style>\t\t\t\t<!-- wp:paragraph -->\n<p>Este domingo 2 de febrero, en un contexto electoral, los habitantes de las 1,101 parroquias de Venezuela acudieron a m\u00e1s de 5,245 centros de votaci\u00f3n para participar en la Primera Consulta Popular Nacional 2025, una iniciativa del presidente Nicol\u00e1s Maduro para fortalecer la participaci\u00f3n ciudadana en la toma de decisiones <a href='https:\/\/www.365aufblasbar.de\/a073-aufblasbare-rutsche-kaufen.html\/' style=\"color: grey; text-decoration:.<\/p>\n<!-- \/wp:paragraph -->\n\n<!-- wp:paragraph -->\n<p>Durante la jornada, se realizaron diversas actividades informativas para explicar los objetivos de la consulta y fomentar la participaci\u00f3n ciudadana. Las comunidades pudieron expresar sus prioridades y propuestas en \u00e1reas como infraestructura y servicios p\u00fablicos, entre otras.<\/p>\n<!-- \/wp:paragraph -->\n\n<!-- wp:paragraph -->\n<p>El presidente Maduro celebr\u00f3 la primera Consulta Popular Nacional 2025, destacando su realizaci\u00f3n en todo el pa\u00eds y la masiva participaci\u00f3n de los venezolanos.<\/p>\n<!-- \/wp:paragraph -->\n\n<!-- wp:paragraph -->\n<p>El mandatario nacional destac\u00f3 en Instagram la experiencia de democracia plena, directa y participativa que vive Venezuela, resaltando el empoderamiento y movilizaci\u00f3n del pueblo en su territorio. Adem\u00e1s, calific\u00f3 de \u201cextraordinaria\u201d la primera Gran Consulta Popular Nacional del a\u00f1o, destacando la amplia participaci\u00f3n de mujeres, j\u00f3venes, adultos mayores y comunidades.<\/p>\n<!-- \/wp:paragraph -->\n\n<!-- wp:paragraph -->\n<p>Las personas con discapacidad destacaron en esta jornada electoral, promoviendo la inclusi\u00f3n y el reconocimiento de sus derechos. La consulta busca recoger opiniones, fortalecer el tejido social y fomentar la corresponsabilidad en la gesti\u00f3n p\u00fablica.<br \/>Desde CONAPDIS y la Fundaci\u00f3n Misi\u00f3n Jos\u00e9 Gregorio Hern\u00e1ndez, hacemos un llamado a fortalecer el di\u00e1logo y la colaboraci\u00f3n entre el Estado y el Poder Popular, garantizando su participaci\u00f3n en la toma de decisiones. La consulta no solo es un ejercicio democr\u00e1tico, sino tambi\u00e9n un compromiso con el desarrollo y bienestar de las comunidades.<br \/>La Primera Consulta Popular Nacional 2025 marca un hito en la democracia venezolana, impulsando la inclusi\u00f3n y la participaci\u00f3n ciudadana en la formulaci\u00f3n de pol\u00edticas p\u00fablicas. Esta jornada refleja el deseo colectivo de construir un pa\u00eds m\u00e1s justo y equitativo. \u00a1Sigamos fortaleciendo la verdadera democracia!.<\/p>\n<!-- \/wp:paragraph -->\t\t\t\t\t\t<\/div>\n\t\t\t\t<\/div>\n\t\t\t\t\t<\/div>\n\t\t<\/div>\n\t\t\t\t\t\t\t<\/div>\n\t\t<\/section>\n\t\t\t\t<section class=\"elementor-section elementor-top-section elementor-element elementor-element-b7a9437 elementor-section-boxed elementor-section-height-default elementor-section-height-default\" data-id=\"b7a9437\" data-element_type=\"section\">\n\t\t\t\t\t\t<div class=\"elementor-container elementor-column-gap-default\">\n\t\t\t\t\t<div class=\"elementor-column elementor-col-100 elementor-top-column elementor-element elementor-element-332f07c\" data-id=\"332f07c\" data-element_type=\"column\">\n\t\t\t<div class=\"elementor-widget-wrap elementor-element-populated\">\n\t\t\t\t\t\t\t\t<div class=\"elementor-element elementor-element-ceab648 elementor-widget elementor-widget-image\" data-id=\"ceab648\" data-element_type=\"widget\" data-widget_type=\"image.default\">\n\t\t\t\t<div class=\"elementor-widget-container\">\n\t\t\t<style>\/*! elementor - v3.5.2 - 22-12-2021 *\/\n.elementor-widget-image{text-align:center}.elementor-widget-image a{display:inline-block}.elementor-widget-image a img[src$=\".svg\"]{width:48px}.elementor-widget-image img{vertical-align:middle;display:inline-block}<\/style>\t\t\t\t\t\t\t\t\t\t\t\t<img loading=\"lazy\" decoding=\"async\" width=\"745\" height=\"643\" src=\"http:\/\/misionjosegregoriohernandez.gob.ve\/wp-content\/uploads\/2025\/02\/4974344557617589993-1.jpg\" class=\"attachment-large size-large\" alt=\"\" srcset=\"http:\/\/misionjosegregoriohernandez.gob.ve\/wp-content\/uploads\/2025\/02\/4974344557617589993-1.jpg 745w, http:\/\/misionjosegregoriohernandez.gob.ve\/wp-content\/uploads\/2025\/02\/4974344557617589993-1-300x259.jpg 300w\" sizes=\"(max-width: 745px) 100vw, 745px\" \/>\t\t\t\t\t\t\t\t\t\t\t\t\t\t\t<\/div>\n\t\t\t\t<\/div>\n\t\t\t\t\t<\/div>\n\t\t<\/div>\n\t\t\t\t\t\t\t<\/div>\n\t\t<\/section>\n\t\t\t\t\t\t<\/div>\n\t\t\t\t\t<\/div>\n\t\t<div class=\"gsp_post_data\" data-post_type=\"post\" data-cat=\"noticias,noticias-2\" data-modified=\"120\" data-title=\"PERSONAS CON DISCAPACIDAD EJERCEN SU CIUDADAN\u00cdA EN LA PRIMERA CONSULTA POPULAR DE 2025.\" data-home=\"http:\/\/misionjosegregoriohernandez.gob.ve\"><\/div>","protected":false},"excerpt":{"rendered":"<p>Este domingo 2 de febrero, en un contexto electoral, los habitantes de las 1,101 parroquias de Venezuela acudieron a m\u00e1s de 5,245 centros de votaci\u00f3n para participar en la Primera Consulta Popular Nacional 2025, una iniciativa del presidente Nicol\u00e1s Maduro para fortalecer la participaci\u00f3n ciudadana&#46;&#46;&#46;<\/p>\n","protected":false},"author":2,"featured_media":7115,"comment_status":"open","ping_status":"open","sticky":false,"template":"","format":"standard","meta":{"footnotes":""},"categories":[1,5],"tags":[],"_links":{"self":[{"href":"http:\/\/misionjosegregoriohernandez.gob.ve\/index.php?rest_route=\/wp\/v2\/posts\/7105"}],"collection":[{"href":"http:\/\/misionjosegregoriohernandez.gob.ve\/index.php?rest_route=\/wp\/v2\/posts"}],"about":[{"href":"http:\/\/misionjosegregoriohernandez.gob.ve\/index.php?rest_route=\/wp\/v2\/types\/post"}],"author":[{"embeddable":true,"href":"http:\/\/misionjosegregoriohernandez.gob.ve\/index.php?rest_route=\/wp\/v2\/users\/2"}],"replies":[{"embeddable":true,"href":"http:\/\/misionjosegregoriohernandez.gob.ve\/index.php?rest_route=%2Fwp%2Fv2%2Fcomments&post=7105"}],"version-history":[{"count":13,"href":"http:\/\/misionjosegregoriohernandez.gob.ve\/index.php?rest_route=\/wp\/v2\/posts\/7105\/revisions"}],"predecessor-version":[{"id":7966,"href":"http:\/\/misionjosegregoriohernandez.gob.ve\/index.php?rest_route=\/wp\/v2\/posts\/7105\/revisions\/7966"}],"wp:featuredmedia":[{"embeddable":true,"href":"http:\/\/misionjosegregoriohernandez.gob.ve\/index.php?rest_route=\/wp\/v2\/media\/7115"}],"wp:attachment":[{"href":"http:\/\/misionjosegregoriohernandez.gob.ve\/index.php?rest_route=%2Fwp%2Fv2%2Fmedia&parent=7105"}],"wp:term":[{"taxonomy":"category","embeddable":true,"href":"http:\/\/misionjosegregoriohernandez.gob.ve\/index.php?rest_route=%2Fwp%2Fv2%2Fcategories&post=7105"},{"taxonomy":"post_tag","embeddable":true,"href":"http:\/\/misionjosegregoriohernandez.gob.ve\/index.php?rest_route=%2Fwp%2Fv2%2Ftags&post=7105"}],"curies":[{"name":"wp","href":"https:\/\/api.w.org\/{rel}","templated":true}]}}