{"id":17056,"date":"2026-04-24T16:31:18","date_gmt":"2026-04-24T20:31:18","guid":{"rendered":"http:\/\/misionjosegregoriohernandez.gob.ve\/?p=17056"},"modified":"2026-04-24T17:49:27","modified_gmt":"2026-04-24T21:49:27","slug":"17056","status":"publish","type":"post","link":"http:\/\/misionjosegregoriohernandez.gob.ve\/?p=17056","title":{"rendered":"C\u00fapira se fortalece con atenci\u00f3n integral y humana en el marco de la peregrinaci\u00f3n nacional"},"content":{"rendered":"\t\t<div data-elementor-type=\"wp-post\" data-elementor-id=\"17056\" class=\"elementor elementor-17056\" data-elementor-settings=\"[]\">\n\t\t\t\t\t\t\t<div class=\"elementor-section-wrap\">\n\t\t\t\t\t\t\t<section class=\"elementor-section elementor-top-section elementor-element elementor-element-b1db302 elementor-section-boxed elementor-section-height-default elementor-section-height-default\" data-id=\"b1db302\" data-element_type=\"section\">\n\t\t\t\t\t\t<div class=\"elementor-container elementor-column-gap-default\">\n\t\t\t\t\t<div class=\"elementor-column elementor-col-100 elementor-top-column elementor-element elementor-element-6aa7fa6e\" data-id=\"6aa7fa6e\" data-element_type=\"column\">\n\t\t\t<div class=\"elementor-widget-wrap elementor-element-populated\">\n\t\t\t\t\t\t\t\t<div class=\"elementor-element elementor-element-b030ecc elementor-widget elementor-widget-text-editor\" data-id=\"b030ecc\" data-element_type=\"widget\" data-widget_type=\"text-editor.default\">\n\t\t\t\t<div class=\"elementor-widget-container\">\n\t\t\t<style>\/*! elementor - v3.5.2 - 22-12-2021 *\/\n.elementor-widget-text-editor.elementor-drop-cap-view-stacked .elementor-drop-cap{background-color:#818a91;color:#fff}.elementor-widget-text-editor.elementor-drop-cap-view-framed .elementor-drop-cap{color:#818a91;border:3px solid;background-color:transparent}.elementor-widget-text-editor:not(.elementor-drop-cap-view-default) .elementor-drop-cap{margin-top:8px}.elementor-widget-text-editor:not(.elementor-drop-cap-view-default) .elementor-drop-cap-letter{width:1em;height:1em}.elementor-widget-text-editor .elementor-drop-cap{float:left;text-align:center;line-height:1;font-size:50px}.elementor-widget-text-editor .elementor-drop-cap-letter{display:inline-block}<\/style>\t\t\t\t<!-- wp:paragraph -->\n<p>En el marco de la <strong>&#8220;Gran Peregrinaci\u00f3n Unidos por una Venezuela sin Sanciones y en Paz&#8221;<\/strong>, que recorre el territorio nacional, se llev\u00f3 a cabo un abordaje integral en la parroquia C\u00fapira del municipio Pedro Gual. El operativo, acompa\u00f1ado por  la presidenta de la instituci\u00f3n, <strong>Carolina Rojas<\/strong> y el alcalde <strong>Elbert Vivas<\/strong>, se desarroll\u00f3 como una respuesta directa y soberana ante las medidas coercitivas unilaterales que afectan al pueblo venezolano. La presencia de la autoridad institucional en C\u00fapira permiti\u00f3 validar el cumplimiento de los programas de atenci\u00f3n, reafirmando que, pese al bloqueo, la prioridad del Estado es mantener una gesti\u00f3n de proximidad y protecci\u00f3n directa a las personas con discapacidad.<\/p>\n<!-- \/wp:paragraph -->\n\n<!-- wp:paragraph -->\n<p>Durante la actividad, se brind\u00f3 un conjunto de atenciones multidisciplinarias destinadas a mitigar el impacto de las sanciones y elevar la calidad de vida en la regi\u00f3n mirandina. Como parte de este abordaje y en sinton\u00eda con el esp\u00edritu de unidad de la Peregrinaci\u00f3n, se realiz\u00f3 el otorgamiento de <strong>ayudas humanas<\/strong>, acci\u00f3n t\u00e9cnica y humanitaria que fortalece la movilidad y autonom\u00eda de los ciudadanos.<\/p>\n<!-- \/wp:paragraph -->\n\n<!-- wp:paragraph -->\n<p>La articulaci\u00f3n entre el gobierno municipal y la representaci\u00f3n institucional en C\u00fapira consolida el esfuerzo por garantizar que los servicios de atenci\u00f3n integral se ejecuten de forma efectiva. Con este despliegue, la instituci\u00f3n se une al clamor nacional por el cese de las sanciones, priorizando la dignidad y la protecci\u00f3n del pueblo en cada rinc\u00f3n del municipio Pedro Gual.<\/p>\n<!-- \/wp:paragraph -->\t\t\t\t\t\t<\/div>\n\t\t\t\t<\/div>\n\t\t\t\t\t<\/div>\n\t\t<\/div>\n\t\t\t\t\t\t\t<\/div>\n\t\t<\/section>\n\t\t\t\t<section class=\"elementor-section elementor-top-section elementor-element elementor-element-bd1c14e elementor-section-boxed elementor-section-height-default elementor-section-height-default\" data-id=\"bd1c14e\" data-element_type=\"section\">\n\t\t\t\t\t\t<div class=\"elementor-container elementor-column-gap-default\">\n\t\t\t\t\t<div class=\"elementor-column elementor-col-33 elementor-top-column elementor-element elementor-element-2188c1e\" data-id=\"2188c1e\" data-element_type=\"column\">\n\t\t\t<div class=\"elementor-widget-wrap elementor-element-populated\">\n\t\t\t\t\t\t\t\t<div class=\"elementor-element elementor-element-327b477 elementor-widget elementor-widget-image\" data-id=\"327b477\" data-element_type=\"widget\" data-widget_type=\"image.default\">\n\t\t\t\t<div class=\"elementor-widget-container\">\n\t\t\t<style>\/*! elementor - v3.5.2 - 22-12-2021 *\/\n.elementor-widget-image{text-align:center}.elementor-widget-image a{display:inline-block}.elementor-widget-image a img[src$=\".svg\"]{width:48px}.elementor-widget-image img{vertical-align:middle;display:inline-block}<\/style>\t\t\t\t\t\t\t\t\t\t\t\t<img loading=\"lazy\" decoding=\"async\" width=\"1024\" height=\"768\" src=\"http:\/\/misionjosegregoriohernandez.gob.ve\/wp-content\/uploads\/2026\/04\/cupira-1-1024x768.jpg\" class=\"attachment-large size-large\" alt=\"\" srcset=\"http:\/\/misionjosegregoriohernandez.gob.ve\/wp-content\/uploads\/2026\/04\/cupira-1-1024x768.jpg 1024w, http:\/\/misionjosegregoriohernandez.gob.ve\/wp-content\/uploads\/2026\/04\/cupira-1-300x225.jpg 300w, http:\/\/misionjosegregoriohernandez.gob.ve\/wp-content\/uploads\/2026\/04\/cupira-1-768x576.jpg 768w, http:\/\/misionjosegregoriohernandez.gob.ve\/wp-content\/uploads\/2026\/04\/cupira-1.jpg 1280w\" sizes=\"(max-width: 1024px) 100vw, 1024px\" \/>\t\t\t\t\t\t\t\t\t\t\t\t\t\t\t<\/div>\n\t\t\t\t<\/div>\n\t\t\t\t\t<\/div>\n\t\t<\/div>\n\t\t\t\t<div class=\"elementor-column elementor-col-33 elementor-top-column elementor-element elementor-element-5bd4340\" data-id=\"5bd4340\" data-element_type=\"column\">\n\t\t\t<div class=\"elementor-widget-wrap elementor-element-populated\">\n\t\t\t\t\t\t\t\t<div class=\"elementor-element elementor-element-211722f elementor-widget elementor-widget-image\" data-id=\"211722f\" data-element_type=\"widget\" data-widget_type=\"image.default\">\n\t\t\t\t<div class=\"elementor-widget-container\">\n\t\t\t\t\t\t\t\t\t\t\t\t\t\t\t<img loading=\"lazy\" decoding=\"async\" width=\"1024\" height=\"768\" src=\"http:\/\/misionjosegregoriohernandez.gob.ve\/wp-content\/uploads\/2026\/04\/5143673527302032394-1024x768.jpg\" class=\"attachment-large size-large\" alt=\"\" srcset=\"http:\/\/misionjosegregoriohernandez.gob.ve\/wp-content\/uploads\/2026\/04\/5143673527302032394-1024x768.jpg 1024w, http:\/\/misionjosegregoriohernandez.gob.ve\/wp-content\/uploads\/2026\/04\/5143673527302032394-300x225.jpg 300w, http:\/\/misionjosegregoriohernandez.gob.ve\/wp-content\/uploads\/2026\/04\/5143673527302032394-768x576.jpg 768w, http:\/\/misionjosegregoriohernandez.gob.ve\/wp-content\/uploads\/2026\/04\/5143673527302032394.jpg 1280w\" sizes=\"(max-width: 1024px) 100vw, 1024px\" \/>\t\t\t\t\t\t\t\t\t\t\t\t\t\t\t<\/div>\n\t\t\t\t<\/div>\n\t\t\t\t\t<\/div>\n\t\t<\/div>\n\t\t\t\t<div class=\"elementor-column elementor-col-33 elementor-top-column elementor-element elementor-element-d6ec7af\" data-id=\"d6ec7af\" data-element_type=\"column\">\n\t\t\t<div class=\"elementor-widget-wrap elementor-element-populated\">\n\t\t\t\t\t\t\t\t<div class=\"elementor-element elementor-element-4bed07a elementor-widget elementor-widget-image\" data-id=\"4bed07a\" data-element_type=\"widget\" data-widget_type=\"image.default\">\n\t\t\t\t<div class=\"elementor-widget-container\">\n\t\t\t\t\t\t\t\t\t\t\t\t\t\t\t<img loading=\"lazy\" decoding=\"async\" width=\"1024\" height=\"768\" src=\"http:\/\/misionjosegregoriohernandez.gob.ve\/wp-content\/uploads\/2026\/04\/5143673527302032390-1024x768.jpg\" class=\"attachment-large size-large\" alt=\"\" srcset=\"http:\/\/misionjosegregoriohernandez.gob.ve\/wp-content\/uploads\/2026\/04\/5143673527302032390-1024x768.jpg 1024w, http:\/\/misionjosegregoriohernandez.gob.ve\/wp-content\/uploads\/2026\/04\/5143673527302032390-300x225.jpg 300w, http:\/\/misionjosegregoriohernandez.gob.ve\/wp-content\/uploads\/2026\/04\/5143673527302032390-768x576.jpg 768w, http:\/\/misionjosegregoriohernandez.gob.ve\/wp-content\/uploads\/2026\/04\/5143673527302032390.jpg 1280w\" sizes=\"(max-width: 1024px) 100vw, 1024px\" \/>\t\t\t\t\t\t\t\t\t\t\t\t\t\t\t<\/div>\n\t\t\t\t<\/div>\n\t\t\t\t\t<\/div>\n\t\t<\/div>\n\t\t\t\t\t\t\t<\/div>\n\t\t<\/section>\n\t\t\t\t<section class=\"elementor-section elementor-top-section elementor-element elementor-element-2202832 elementor-section-boxed elementor-section-height-default elementor-section-height-default\" data-id=\"2202832\" data-element_type=\"section\">\n\t\t\t\t\t\t<div class=\"elementor-container elementor-column-gap-default\">\n\t\t\t\t\t<div class=\"elementor-column elementor-col-100 elementor-top-column elementor-element elementor-element-ff62e04\" data-id=\"ff62e04\" data-element_type=\"column\">\n\t\t\t<div class=\"elementor-widget-wrap elementor-element-populated\">\n\t\t\t\t\t\t\t\t<div class=\"elementor-element elementor-element-b1dd45b elementor-widget elementor-widget-image\" data-id=\"b1dd45b\" data-element_type=\"widget\" data-widget_type=\"image.default\">\n\t\t\t\t<div class=\"elementor-widget-container\">\n\t\t\t\t\t\t\t\t\t\t\t\t\t\t\t<img loading=\"lazy\" decoding=\"async\" width=\"768\" height=\"1024\" src=\"http:\/\/misionjosegregoriohernandez.gob.ve\/wp-content\/uploads\/2026\/04\/5143673527302032396-768x1024.jpg\" class=\"attachment-large size-large\" alt=\"\" srcset=\"http:\/\/misionjosegregoriohernandez.gob.ve\/wp-content\/uploads\/2026\/04\/5143673527302032396-768x1024.jpg 768w, http:\/\/misionjosegregoriohernandez.gob.ve\/wp-content\/uploads\/2026\/04\/5143673527302032396-225x300.jpg 225w, http:\/\/misionjosegregoriohernandez.gob.ve\/wp-content\/uploads\/2026\/04\/5143673527302032396.jpg 960w\" sizes=\"(max-width: 768px) 100vw, 768px\" \/>\t\t\t\t\t\t\t\t\t\t\t\t\t\t\t<\/div>\n\t\t\t\t<\/div>\n\t\t\t\t\t<\/div>\n\t\t<\/div>\n\t\t\t\t\t\t\t<\/div>\n\t\t<\/section>\n\t\t\t\t\t\t<\/div>\n\t\t\t\t\t<\/div>\n\t\t<div class=\"gsp_post_data\" data-post_type=\"post\" data-cat=\"noticias-2,noticias\" data-modified=\"120\" data-title=\"C\u00fapira se fortalece con atenci\u00f3n integral y humana en el marco de la peregrinaci\u00f3n nacional\" data-home=\"http:\/\/misionjosegregoriohernandez.gob.ve\"><\/div>","protected":false},"excerpt":{"rendered":"<p>En el marco de la &#8220;Gran Peregrinaci\u00f3n Unidos por una Venezuela sin Sanciones y en Paz&#8221;, que recorre el territorio nacional, se llev\u00f3 a cabo un abordaje integral en la parroquia C\u00fapira del municipio Pedro Gual. El operativo, acompa\u00f1ado por la presidenta de la instituci\u00f3n,&#46;&#46;&#46;<\/p>\n","protected":false},"author":2,"featured_media":17082,"comment_status":"open","ping_status":"open","sticky":false,"template":"","format":"standard","meta":{"footnotes":""},"categories":[5,1],"tags":[],"_links":{"self":[{"href":"http:\/\/misionjosegregoriohernandez.gob.ve\/index.php?rest_route=\/wp\/v2\/posts\/17056"}],"collection":[{"href":"http:\/\/misionjosegregoriohernandez.gob.ve\/index.php?rest_route=\/wp\/v2\/posts"}],"about":[{"href":"http:\/\/misionjosegregoriohernandez.gob.ve\/index.php?rest_route=\/wp\/v2\/types\/post"}],"author":[{"embeddable":true,"href":"http:\/\/misionjosegregoriohernandez.gob.ve\/index.php?rest_route=\/wp\/v2\/users\/2"}],"replies":[{"embeddable":true,"href":"http:\/\/misionjosegregoriohernandez.gob.ve\/index.php?rest_route=%2Fwp%2Fv2%2Fcomments&post=17056"}],"version-history":[{"count":6,"href":"http:\/\/misionjosegregoriohernandez.gob.ve\/index.php?rest_route=\/wp\/v2\/posts\/17056\/revisions"}],"predecessor-version":[{"id":17077,"href":"http:\/\/misionjosegregoriohernandez.gob.ve\/index.php?rest_route=\/wp\/v2\/posts\/17056\/revisions\/17077"}],"wp:featuredmedia":[{"embeddable":true,"href":"http:\/\/misionjosegregoriohernandez.gob.ve\/index.php?rest_route=\/wp\/v2\/media\/17082"}],"wp:attachment":[{"href":"http:\/\/misionjosegregoriohernandez.gob.ve\/index.php?rest_route=%2Fwp%2Fv2%2Fmedia&parent=17056"}],"wp:term":[{"taxonomy":"category","embeddable":true,"href":"http:\/\/misionjosegregoriohernandez.gob.ve\/index.php?rest_route=%2Fwp%2Fv2%2Fcategories&post=17056"},{"taxonomy":"post_tag","embeddable":true,"href":"http:\/\/misionjosegregoriohernandez.gob.ve\/index.php?rest_route=%2Fwp%2Fv2%2Ftags&post=17056"}],"curies":[{"name":"wp","href":"https:\/\/api.w.org\/{rel}","templated":true}]}}