{"id":16437,"date":"2026-03-16T07:45:31","date_gmt":"2026-03-16T11:45:31","guid":{"rendered":"http:\/\/misionjosegregoriohernandez.gob.ve\/?p=16437"},"modified":"2026-03-16T09:24:28","modified_gmt":"2026-03-16T13:24:28","slug":"mision-jose-gregorio-hernandez-celebra-18-anos-de-labor-humanista","status":"publish","type":"post","link":"http:\/\/misionjosegregoriohernandez.gob.ve\/?p=16437","title":{"rendered":"Misi\u00f3n Jos\u00e9 Gregorio Hern\u00e1ndez celebra 18 a\u00f1os de labor humanista."},"content":{"rendered":"\n<p>Misi\u00f3n Jos\u00e9 Gregorio Hern\u00e1ndez celebra 18 a\u00f1os de labor humanista.<br>Caracas, 15 de marzo de 2026 \u2013 En una jornada donde la fe y el compromiso social se fundieron en un solo sentimiento, la Fundaci\u00f3n Misi\u00f3n Jos\u00e9 Gregorio Hern\u00e1ndez celebr\u00f3 hoy su 18\u00b0 Aniversario. Esta fecha, que marca el nacimiento de la instituci\u00f3n en el a\u00f1o 2008, constituye el origen hist\u00f3rico por el cual hoy se conmemora el D\u00eda Nacional de las Personas con Discapacidad en toda Venezuela, reafirmando el papel de la Misi\u00f3n como el coraz\u00f3n de las pol\u00edticas de dignidad e inclusi\u00f3n impulsadas por el Gobierno Bolivariano.<\/p>\n\n\n\n<p>El acto central se llev\u00f3 a cabo en la hist\u00f3rica Casa Museo de La Pastora, recinto que fuera el hogar de nuestro Santo de Venezuela. Bajo este techo sagrado para la m\u00edstica del pueblo, se realiz\u00f3 una solemne eucarist\u00eda para honrar el camino recorrido y renovar la promesa de servicio. Al cumplir casi dos d\u00e9cadas de trayectoria, la Misi\u00f3n reafirma su esencia como heredera directa del legado de entrega de Jos\u00e9 Gregorio Hern\u00e1ndez, transformando esta celebraci\u00f3n en un acto de profunda humanidad que lleva esperanza a cada hogar de la patria, gracias al respaldo decidido del Presidente Nicol\u00e1s Maduro y el compromiso irrenunciable con el bienestar del pueblo.<\/p>\n\n\n\n<p>Durante la actividad, Carolina Rojas, presidenta de la Fundaci\u00f3n, ofreci\u00f3 un balance reflexivo sobre el impacto de la instituci\u00f3n en el pa\u00eds, destacando que estos 18 a\u00f1os han sido una batalla incansable por visibilizar y brindar atenci\u00f3n digna a quienes por a\u00f1os fueron olvidados por modelos capitalistas. &#8220;Nacimos un 15 de marzo para ser la mano amiga que inspira a todo un pueblo a seguir adelante con fe&#8221;, expres\u00f3 Rojas, subrayando que la labor diaria de la Misi\u00f3n es la continuaci\u00f3n del ejemplo de amor al pr\u00f3jimo que nos gu\u00eda desde la fe y la justicia social.<\/p>\n\n\n\n<p>La m\u00edstica de la celebraci\u00f3n se fortaleci\u00f3 con el abrazo fraterno de los movimientos sociales, la comunidad organizada y el Conapdis, quienes en una sola voz y con un esp\u00edritu profundamente unificado, ratificaron que la inclusi\u00f3n es un logro colectivo consolidado en Revoluci\u00f3n. La participaci\u00f3n activa de estos sectores demostr\u00f3 que la instituci\u00f3n late junto a su pueblo, consolid\u00e1ndose como un cuerpo vivo que trabaja en perfecta armon\u00eda por el bienestar com\u00fan y la soberan\u00eda social.<\/p>\n\n\n\n<p>Al alcanzar su mayor\u00eda de edad institucional, la Misi\u00f3n Jos\u00e9 Gregorio Hern\u00e1ndez se proyecta hacia el futuro como un faro de luz. Desde la misma casa donde el Santo de Venezuela atend\u00eda con humildad a los m\u00e1s necesitados, la Fundaci\u00f3n renov\u00f3 hoy su juramento de amor, celebrando la bendici\u00f3n de ser el instrumento de&nbsp; protecci\u00f3n integral para todas las personas con discapacidad en Venezuela, de la mano con las pol\u00edticas de vanguardia del Gobierno Bolivariano.<br>\u00a1Construyendo la inclusi\u00f3n con amor y compromiso revolucionario!&nbsp;<\/p>\n<div class=\"gsp_post_data\" data-post_type=\"post\" data-cat=\"noticias,noticias-2\" data-modified=\"120\" data-title=\"Misi\u00f3n Jos\u00e9 Gregorio Hern\u00e1ndez celebra 18 a\u00f1os de labor humanista.\" data-home=\"http:\/\/misionjosegregoriohernandez.gob.ve\"><\/div>","protected":false},"excerpt":{"rendered":"<p>Misi\u00f3n Jos\u00e9 Gregorio Hern\u00e1ndez celebra 18 a\u00f1os de labor humanista.Caracas, 15 de marzo de 2026 \u2013 En una jornada donde la fe y el compromiso social se fundieron en un solo sentimiento, la Fundaci\u00f3n Misi\u00f3n Jos\u00e9 Gregorio Hern\u00e1ndez celebr\u00f3 hoy su 18\u00b0 Aniversario. Esta fecha,&#46;&#46;&#46;<\/p>\n","protected":false},"author":1,"featured_media":16443,"comment_status":"open","ping_status":"open","sticky":false,"template":"","format":"standard","meta":{"footnotes":""},"categories":[1,5],"tags":[],"_links":{"self":[{"href":"http:\/\/misionjosegregoriohernandez.gob.ve\/index.php?rest_route=\/wp\/v2\/posts\/16437"}],"collection":[{"href":"http:\/\/misionjosegregoriohernandez.gob.ve\/index.php?rest_route=\/wp\/v2\/posts"}],"about":[{"href":"http:\/\/misionjosegregoriohernandez.gob.ve\/index.php?rest_route=\/wp\/v2\/types\/post"}],"author":[{"embeddable":true,"href":"http:\/\/misionjosegregoriohernandez.gob.ve\/index.php?rest_route=\/wp\/v2\/users\/1"}],"replies":[{"embeddable":true,"href":"http:\/\/misionjosegregoriohernandez.gob.ve\/index.php?rest_route=%2Fwp%2Fv2%2Fcomments&post=16437"}],"version-history":[{"count":1,"href":"http:\/\/misionjosegregoriohernandez.gob.ve\/index.php?rest_route=\/wp\/v2\/posts\/16437\/revisions"}],"predecessor-version":[{"id":16438,"href":"http:\/\/misionjosegregoriohernandez.gob.ve\/index.php?rest_route=\/wp\/v2\/posts\/16437\/revisions\/16438"}],"wp:featuredmedia":[{"embeddable":true,"href":"http:\/\/misionjosegregoriohernandez.gob.ve\/index.php?rest_route=\/wp\/v2\/media\/16443"}],"wp:attachment":[{"href":"http:\/\/misionjosegregoriohernandez.gob.ve\/index.php?rest_route=%2Fwp%2Fv2%2Fmedia&parent=16437"}],"wp:term":[{"taxonomy":"category","embeddable":true,"href":"http:\/\/misionjosegregoriohernandez.gob.ve\/index.php?rest_route=%2Fwp%2Fv2%2Fcategories&post=16437"},{"taxonomy":"post_tag","embeddable":true,"href":"http:\/\/misionjosegregoriohernandez.gob.ve\/index.php?rest_route=%2Fwp%2Fv2%2Ftags&post=16437"}],"curies":[{"name":"wp","href":"https:\/\/api.w.org\/{rel}","templated":true}]}}